{"id":3178,"date":"2025-04-28T19:53:31","date_gmt":"2025-04-28T18:53:31","guid":{"rendered":"https:\/\/www.vasutca.hu\/?p=3178"},"modified":"2025-11-26T13:03:02","modified_gmt":"2025-11-26T12:03:02","slug":"nyari-ugyelet-2","status":"publish","type":"post","link":"https:\/\/www.vasutca.hu\/?p=3178","title":{"rendered":"Jav\u00edt\u00f3vizsg\u00e1k id\u0151pontjai"},"content":{"rendered":"\n<p class=\"has-black-color has-pale-cyan-blue-background-color has-text-color has-background has-link-color has-medium-font-size wp-elements-a36cb91c749c7addc3094fe68d194344\">2025. augusztus 25. (h\u00e9tf\u0151) &#8211; \u00edr\u00e1sbeli jav\u00edt\u00f3vizsg\u00e1k 11 \u00f3r\u00e1t\u00f3l, \u00e9rkez\u00e9s 10:45-re. <\/p>\n\n\n\n<p class=\"has-black-color has-pale-cyan-blue-background-color has-text-color has-background has-link-color has-medium-font-size wp-elements-ce968ee944b8c85bafc4964ff06a8aba\">2025. augusztus 26. (kedd) &#8211; sz\u00f3beli jav\u00edt\u00f3vizsg\u00e1k 9 \u00f3r\u00e1t\u00f3l, \u00e9rkez\u00e9s 8:45-re.<\/p>\n\n\n\n<p class=\"has-black-color has-pale-cyan-blue-background-color has-text-color has-background has-link-color has-medium-font-size wp-elements-ba1e7e96c231dafdd1a257d2aea216b3\">A pontos beoszt\u00e1st a vizsganap reggel\u00e9n az iskol\u00e1ban tudj\u00e1k meg az \u00e9rintett tanul\u00f3k.<\/p>\n\n\n\n<h1 class=\"wp-block-heading\">Ny\u00e1ri \u00fcgyelet<\/h1>\n\n\n\n<p><\/p>\n\n\n\n<figure class=\"wp-block-image size-large\"><img loading=\"lazy\" decoding=\"async\" width=\"1024\" height=\"858\" src=\"https:\/\/www.vasutca.hu\/wp-content\/uploads\/2025\/07\/white-hello-summer-Facebook-Post-1024x858.png\" alt=\"\" class=\"wp-image-3667\" srcset=\"https:\/\/www.vasutca.hu\/wp-content\/uploads\/2025\/07\/white-hello-summer-Facebook-Post-1024x858.png 1024w, https:\/\/www.vasutca.hu\/wp-content\/uploads\/2025\/07\/white-hello-summer-Facebook-Post-300x252.png 300w, https:\/\/www.vasutca.hu\/wp-content\/uploads\/2025\/07\/white-hello-summer-Facebook-Post-768x644.png 768w, https:\/\/www.vasutca.hu\/wp-content\/uploads\/2025\/07\/white-hello-summer-Facebook-Post-1536x1288.png 1536w, https:\/\/www.vasutca.hu\/wp-content\/uploads\/2025\/07\/white-hello-summer-Facebook-Post.png 1763w\" sizes=\"(max-width: 767px) 89vw, (max-width: 1000px) 54vw, (max-width: 1071px) 543px, 580px\" \/><\/figure>\n\n\n\n<p class=\"has-black-color has-text-color has-link-color has-medium-font-size wp-elements-1a86ac0c9719c74e42c7d697761dd554\"><strong>2025. augusztus 25-t\u0151l minden nap munkaid\u0151ben nyitva az iskola.<\/strong><\/p>\n\n\n\n<h1 class=\"wp-block-heading\">\u00d6regdi\u00e1k-tal\u00e1lkoz\u00f3<\/h1>\n\n\n\n<p>Hagyom\u00e1nyainkhoz h\u00edven \u00fajra! V\u00e1rjuk az egykori sz\u00e9chenyis tanul\u00f3kat, tan\u00e1rokat 2025. m\u00e1jus 30-\u00e1n 15 \u00f3r\u00e1t\u00f3l!<\/p>\n\n\n\n<figure class=\"wp-block-image size-large\"><img loading=\"lazy\" decoding=\"async\" width=\"1024\" height=\"732\" src=\"https:\/\/www.vasutca.hu\/wp-content\/uploads\/2025\/04\/White-Brown-Vintage-Birthday-Party-Invitation-1024x732.png\" alt=\"\" class=\"wp-image-3574\" srcset=\"https:\/\/www.vasutca.hu\/wp-content\/uploads\/2025\/04\/White-Brown-Vintage-Birthday-Party-Invitation-1024x732.png 1024w, https:\/\/www.vasutca.hu\/wp-content\/uploads\/2025\/04\/White-Brown-Vintage-Birthday-Party-Invitation-300x214.png 300w, https:\/\/www.vasutca.hu\/wp-content\/uploads\/2025\/04\/White-Brown-Vintage-Birthday-Party-Invitation-768x549.png 768w, https:\/\/www.vasutca.hu\/wp-content\/uploads\/2025\/04\/White-Brown-Vintage-Birthday-Party-Invitation-1536x1097.png 1536w, https:\/\/www.vasutca.hu\/wp-content\/uploads\/2025\/04\/White-Brown-Vintage-Birthday-Party-Invitation-2048x1463.png 2048w\" sizes=\"(max-width: 767px) 89vw, (max-width: 1000px) 54vw, (max-width: 1071px) 543px, 580px\" \/><\/figure>\n\n\n\n<p class=\"has-large-font-size\"><strong>Centrumos verseny &#8211; V\u00e1llalkoz\u00e1si verseny 8.0<\/strong><\/p>\n\n\n\n<p>2025. m\u00e1rcius 6.<\/p>\n\n\n\n<p>Iskol\u00e1nk 11.A oszt\u00e1lyos tanul\u00f3ib\u00f3l \u00e1ll\u00f3 &#8220;idealist\u00e1k&#8221; csapata a BGSZC Keleti K\u00e1roly K\u00f6zgazdas\u00e1gi Technikum \u00e1ltal meghirdetett v\u00e1llalkoz\u00e1si versenyen vett r\u00e9szt \u00e9s megnyerte a &#8220;Legjobb marketingterv&#8221; kateg\u00f3ri\u00e1t \u00e9s ezzel a 100000 Ft \u00e9rt\u00e9k\u0171 aj\u00e1nd\u00e9kcsomagot is.<\/p>\n\n\n\n<p>Gratul\u00e1lunk a csapat tagjainak: Gyenes B\u00e1lintnak, Sid\u00f3 D\u00e1nielnek, S\u00fct\u0151 Cseng\u00e9nek \u00e9s Szab\u00f3 Vincentnek! Gratul\u00e1lunk felk\u00e9sz\u00edt\u0151 tan\u00e1ruknak, B\u00e1nkuti L\u00e1szl\u00f3nak is!<\/p>\n\n\n\n<figure class=\"wp-block-gallery has-nested-images columns-default is-cropped wp-block-gallery-1 is-layout-flex wp-block-gallery-is-layout-flex\">\n<figure class=\"wp-block-image\"><img decoding=\"async\" src=\"blob:https:\/\/www.vasutca.hu\/f8c0cf79-8c83-4856-bd8f-6ea9d2573079\" alt=\"\"\/><\/figure>\n\n\n\n<figure class=\"wp-block-image\"><img decoding=\"async\" src=\"blob:https:\/\/www.vasutca.hu\/3afcfa36-d77c-49f9-8c0a-96dd4696ee24\" alt=\"\"\/><\/figure>\n\n\n\n<figure class=\"wp-block-image size-large\"><img loading=\"lazy\" decoding=\"async\" width=\"768\" height=\"1024\" data-id=\"3537\" src=\"https:\/\/www.vasutca.hu\/wp-content\/uploads\/2025\/03\/image2-768x1024.jpeg\" alt=\"\" class=\"wp-image-3537\" srcset=\"https:\/\/www.vasutca.hu\/wp-content\/uploads\/2025\/03\/image2-768x1024.jpeg 768w, https:\/\/www.vasutca.hu\/wp-content\/uploads\/2025\/03\/image2-225x300.jpeg 225w, https:\/\/www.vasutca.hu\/wp-content\/uploads\/2025\/03\/image2-1152x1536.jpeg 1152w, https:\/\/www.vasutca.hu\/wp-content\/uploads\/2025\/03\/image2-1536x2048.jpeg 1536w, https:\/\/www.vasutca.hu\/wp-content\/uploads\/2025\/03\/image2-scaled.jpeg 1920w\" sizes=\"(max-width: 767px) 89vw, (max-width: 1000px) 54vw, (max-width: 1071px) 543px, 580px\" \/><\/figure>\n\n\n\n<figure class=\"wp-block-image size-large\"><img loading=\"lazy\" decoding=\"async\" width=\"1024\" height=\"768\" data-id=\"3539\" src=\"https:\/\/www.vasutca.hu\/wp-content\/uploads\/2025\/03\/image3-1024x768.jpeg\" alt=\"\" class=\"wp-image-3539\" srcset=\"https:\/\/www.vasutca.hu\/wp-content\/uploads\/2025\/03\/image3-1024x768.jpeg 1024w, https:\/\/www.vasutca.hu\/wp-content\/uploads\/2025\/03\/image3-300x225.jpeg 300w, https:\/\/www.vasutca.hu\/wp-content\/uploads\/2025\/03\/image3-768x576.jpeg 768w, https:\/\/www.vasutca.hu\/wp-content\/uploads\/2025\/03\/image3-1536x1152.jpeg 1536w, https:\/\/www.vasutca.hu\/wp-content\/uploads\/2025\/03\/image3-2048x1536.jpeg 2048w\" sizes=\"(max-width: 767px) 89vw, (max-width: 1000px) 54vw, (max-width: 1071px) 543px, 580px\" \/><\/figure>\n<\/figure>\n\n\n\n<p class=\"has-black-color has-text-color has-link-color has-large-font-size wp-elements-fc71910086f7717de760dc264090d220\"><strong>Magyar Parasport Napja 2025<\/strong><\/p>\n\n\n\n<p>Iskol\u00e1nkban 2025. febru\u00e1r 25-\u00e9n, a Magyar Parasport Napja alkalm\u00e1b\u00f3l \u00e9rz\u00e9keny\u00edt\u0151 foglalkoz\u00e1sokon vehettek r\u00e9szt di\u00e1kjaink a testnevel\u00e9s \u00f3r\u00e1k keretein bel\u00fcl.<\/p>\n\n\n\n<p>A nap elej\u00e9re, a tavaly sokak sz\u00e1m\u00e1ra k\u00fcl\u00f6nleges \u00e9lm\u00e9nyt ny\u00fajt\u00f3 el\u0151ad\u00e1sa ut\u00e1n, id\u00e9n is siker\u00fclt elh\u00edvnunk a Sz\u00e9chenyibe, Arl\u00f3y Zs\u00f3fia ,imm\u00e1ron h\u00e1romszoros paralimpikon asztaliteniszez\u0151n\u0151t, aki ma is sz\u00ednvonalas bemutat\u00f3j\u00e1val \u00e9s tanuls\u00e1gos mondanival\u00f3j\u00e1val tette eml\u00e9kezetess\u00e9 a vele t\u00f6lt\u00f6tt \u00f3r\u00e1kat.<\/p>\n\n\n\n<p>Ezt k\u00f6vet\u0151en Kert\u00e9sz R\u00f3bert \u00fcl\u0151r\u00f6plabd\u00e1z\u00f3, Magyarorsz\u00e1g jelenlegi egyetlen profi(szerz\u0151d\u00e9ssel rendelkez\u0151) v\u00e1logatott j\u00e1t\u00e9kos el\u0151ad\u00e1s\u00e1t \u00e9s bemutat\u00f3j\u00e1t \u00e9lvezhett\u00fck. Robi 2024-ben az \u00e9v \u00fcl\u0151r\u00f6plabd\u00e1z\u00f3ja lett Magyarorsz\u00e1gon!!<\/p>\n\n\n\n<p>Vend\u00e9geink vezet\u00e9s\u00e9vel iskol\u00e1nk di\u00e1kjai is kipr\u00f3b\u00e1lhatt\u00e1k magukat mindk\u00e9t sport\u00e1gban.<\/p>\n\n\n\n<p>K\u00f6sz\u00f6nj\u00fck a d\u00e9lel\u0151tt\u00f6t mindkett\u0151j\u00fcknek!&nbsp;<\/p>\n\n\n\n<p>(valamint a Magyar Paralimpiai Bizotts\u00e1g \u00e9s testnevel\u0151ink seg\u00edts\u00e9g\u00e9t)<\/p>\n\n\n\n<figure class=\"wp-block-image size-large\"><img loading=\"lazy\" decoding=\"async\" width=\"768\" height=\"1024\" src=\"https:\/\/www.vasutca.hu\/wp-content\/uploads\/2025\/02\/IMG_20250224_181909-768x1024.jpg\" alt=\"\" class=\"wp-image-3493\" srcset=\"https:\/\/www.vasutca.hu\/wp-content\/uploads\/2025\/02\/IMG_20250224_181909-768x1024.jpg 768w, https:\/\/www.vasutca.hu\/wp-content\/uploads\/2025\/02\/IMG_20250224_181909-225x300.jpg 225w, https:\/\/www.vasutca.hu\/wp-content\/uploads\/2025\/02\/IMG_20250224_181909-1152x1536.jpg 1152w, https:\/\/www.vasutca.hu\/wp-content\/uploads\/2025\/02\/IMG_20250224_181909-1536x2048.jpg 1536w, https:\/\/www.vasutca.hu\/wp-content\/uploads\/2025\/02\/IMG_20250224_181909-scaled.jpg 1920w\" sizes=\"(max-width: 767px) 89vw, (max-width: 1000px) 54vw, (max-width: 1071px) 543px, 580px\" \/><\/figure>\n\n\n\n<p class=\"has-vivid-purple-color has-white-background-color has-text-color has-background has-link-color has-large-font-size wp-elements-0c029912fc55cfccbeaf4c40e72a0da2\"><strong>Programok &#8211; PROJEKTNAP<\/strong><\/p>\n\n\n\n<p>2025. febru\u00e1r 11-\u00e9n t\u00f6bb \u00e9vsz\u00e1zad kult\u00far\u00e1j\u00e1t, t\u00f6rt\u00e9nelm\u00e9t \u00e9s gasztron\u00f3mi\u00e1j\u00e1t eleven\u00edtett\u00e9k fel a tanul\u00f3k.  <\/p>\n\n\n\n<figure class=\"wp-block-image size-large\"><img loading=\"lazy\" decoding=\"async\" width=\"1024\" height=\"724\" src=\"https:\/\/www.vasutca.hu\/wp-content\/uploads\/2025\/02\/Beige-Scrapbook-Photo-Collage-2025-Vision-Board-Poster-1024x724.jpg\" alt=\"\" class=\"wp-image-3467\" srcset=\"https:\/\/www.vasutca.hu\/wp-content\/uploads\/2025\/02\/Beige-Scrapbook-Photo-Collage-2025-Vision-Board-Poster-1024x724.jpg 1024w, https:\/\/www.vasutca.hu\/wp-content\/uploads\/2025\/02\/Beige-Scrapbook-Photo-Collage-2025-Vision-Board-Poster-300x212.jpg 300w, https:\/\/www.vasutca.hu\/wp-content\/uploads\/2025\/02\/Beige-Scrapbook-Photo-Collage-2025-Vision-Board-Poster-768x543.jpg 768w, https:\/\/www.vasutca.hu\/wp-content\/uploads\/2025\/02\/Beige-Scrapbook-Photo-Collage-2025-Vision-Board-Poster-1536x1086.jpg 1536w, https:\/\/www.vasutca.hu\/wp-content\/uploads\/2025\/02\/Beige-Scrapbook-Photo-Collage-2025-Vision-Board-Poster-2048x1448.jpg 2048w\" sizes=\"(max-width: 767px) 89vw, (max-width: 1000px) 54vw, (max-width: 1071px) 543px, 580px\" \/><\/figure>\n\n\n\n<p><\/p>\n\n\n\n<p class=\"has-black-color has-text-color has-link-color has-x-large-font-size wp-elements-1af9d26d8da4034c1cc75d4058243d45\"><strong>Programok &#8211; Szerb Antalra eml\u00e9kezt\u00fcnk<\/strong><\/p>\n\n\n\n<p>1926-t\u00f3l 1944 \u00e1prilis\u00e1ig iskol\u00e1nkban tan\u00edtott Szerb Antal, s a 2025. janu\u00e1r 27-i Holokauszt-eml\u00e9knapon r\u00e1 eml\u00e9kezt\u00fcnk mi is a Torock\u00f3 utcai eml\u00e9kt\u00e1bla-avat\u00e1son.<\/p>\n\n\n\n<p>Kajdy S\u00e1ra (11.E) \u00e9s Kavas\u00e1nszki Amira (10.E) az Utas \u00e9s holdvil\u00e1g, illetve A Pendragon legenda c\u00edm\u0171 reg\u00e9nyekr\u0151l osztott\u00e1k meg olvasm\u00e1ny\u00e9lm\u00e9nyeiket az egybegy\u0171ltekkel.<\/p>\n\n\n\n<figure class=\"wp-block-gallery has-nested-images columns-default is-cropped wp-block-gallery-2 is-layout-flex wp-block-gallery-is-layout-flex\">\n<figure class=\"wp-block-image size-large\"><img loading=\"lazy\" decoding=\"async\" width=\"867\" height=\"1024\" data-id=\"3427\" src=\"https:\/\/www.vasutca.hu\/wp-content\/uploads\/2025\/02\/476014811_1155779043217990_2351860066582962841_n-867x1024.jpg\" alt=\"\" class=\"wp-image-3427\" srcset=\"https:\/\/www.vasutca.hu\/wp-content\/uploads\/2025\/02\/476014811_1155779043217990_2351860066582962841_n-867x1024.jpg 867w, https:\/\/www.vasutca.hu\/wp-content\/uploads\/2025\/02\/476014811_1155779043217990_2351860066582962841_n-254x300.jpg 254w, https:\/\/www.vasutca.hu\/wp-content\/uploads\/2025\/02\/476014811_1155779043217990_2351860066582962841_n-768x907.jpg 768w, https:\/\/www.vasutca.hu\/wp-content\/uploads\/2025\/02\/476014811_1155779043217990_2351860066582962841_n-1300x1536.jpg 1300w, https:\/\/www.vasutca.hu\/wp-content\/uploads\/2025\/02\/476014811_1155779043217990_2351860066582962841_n.jpg 1524w\" sizes=\"(max-width: 767px) 89vw, (max-width: 1000px) 54vw, (max-width: 1071px) 543px, 580px\" \/><\/figure>\n\n\n\n<figure class=\"wp-block-image size-large\"><img loading=\"lazy\" decoding=\"async\" width=\"1024\" height=\"683\" data-id=\"3428\" src=\"https:\/\/www.vasutca.hu\/wp-content\/uploads\/2025\/02\/475967671_1155779049884656_1343765527486419160_n-1024x683.jpg\" alt=\"\" class=\"wp-image-3428\" srcset=\"https:\/\/www.vasutca.hu\/wp-content\/uploads\/2025\/02\/475967671_1155779049884656_1343765527486419160_n-1024x683.jpg 1024w, https:\/\/www.vasutca.hu\/wp-content\/uploads\/2025\/02\/475967671_1155779049884656_1343765527486419160_n-300x200.jpg 300w, https:\/\/www.vasutca.hu\/wp-content\/uploads\/2025\/02\/475967671_1155779049884656_1343765527486419160_n-768x512.jpg 768w, https:\/\/www.vasutca.hu\/wp-content\/uploads\/2025\/02\/475967671_1155779049884656_1343765527486419160_n.jpg 1500w\" sizes=\"(max-width: 767px) 89vw, (max-width: 1000px) 54vw, (max-width: 1071px) 543px, 580px\" \/><\/figure>\n\n\n\n<figure class=\"wp-block-image size-large\"><img loading=\"lazy\" decoding=\"async\" width=\"1024\" height=\"683\" data-id=\"3426\" src=\"https:\/\/www.vasutca.hu\/wp-content\/uploads\/2025\/02\/475921698_1155779073217987_1154103411413076638_n-1024x683.jpg\" alt=\"\" class=\"wp-image-3426\" srcset=\"https:\/\/www.vasutca.hu\/wp-content\/uploads\/2025\/02\/475921698_1155779073217987_1154103411413076638_n-1024x683.jpg 1024w, https:\/\/www.vasutca.hu\/wp-content\/uploads\/2025\/02\/475921698_1155779073217987_1154103411413076638_n-300x200.jpg 300w, https:\/\/www.vasutca.hu\/wp-content\/uploads\/2025\/02\/475921698_1155779073217987_1154103411413076638_n-768x512.jpg 768w, https:\/\/www.vasutca.hu\/wp-content\/uploads\/2025\/02\/475921698_1155779073217987_1154103411413076638_n.jpg 1500w\" sizes=\"(max-width: 767px) 89vw, (max-width: 1000px) 54vw, (max-width: 1071px) 543px, 580px\" \/><\/figure>\n<\/figure>\n\n\n\n<p>Iskol\u00e1nk id\u00e9n is megeml\u00e9kezett neves tud\u00f3s-\u00edr\u00f3-tan\u00e1runkr\u00f3l, Szerb Antalr\u00f3l.<\/p>\n\n\n\n<p>2025. janu\u00e1r 28-\u00e1n felejthetetlen \u00e9lm\u00e9nyk\u00e9nt B\u00e1lint Andr\u00e1s sz\u00ednm\u0171v\u00e9sz tartott sz\u00edvbemarkol\u00f3 irodalmi el\u0151ad\u00e1st tanul\u00f3inknak Szerb Antal Sz\u00e1z vers c. m\u0171ve nyom\u00e1n.<\/p>\n\n\n\n<p>K\u00f6sz\u00f6nj\u00fck sz\u00e9pen a M\u0171v\u00e9sz \u00darnak az \u00f6nzetlen egy\u00fcttm\u0171k\u00f6d\u00e9st \u00e9s R\u00f6ser J\u00falianna tan\u00e1rn\u0151nek a szervez\u00e9st!<\/p>\n\n\n\n<figure class=\"wp-block-gallery has-nested-images columns-default is-cropped wp-block-gallery-3 is-layout-flex wp-block-gallery-is-layout-flex\">\n<figure class=\"wp-block-image size-large\"><img loading=\"lazy\" decoding=\"async\" width=\"1024\" height=\"768\" data-id=\"3432\" src=\"https:\/\/www.vasutca.hu\/wp-content\/uploads\/2025\/02\/475382352_1152694056859822_1870512206386341379_n-1024x768.jpg\" alt=\"\" class=\"wp-image-3432\" srcset=\"https:\/\/www.vasutca.hu\/wp-content\/uploads\/2025\/02\/475382352_1152694056859822_1870512206386341379_n-1024x768.jpg 1024w, https:\/\/www.vasutca.hu\/wp-content\/uploads\/2025\/02\/475382352_1152694056859822_1870512206386341379_n-300x225.jpg 300w, https:\/\/www.vasutca.hu\/wp-content\/uploads\/2025\/02\/475382352_1152694056859822_1870512206386341379_n-768x576.jpg 768w, https:\/\/www.vasutca.hu\/wp-content\/uploads\/2025\/02\/475382352_1152694056859822_1870512206386341379_n-1536x1152.jpg 1536w, https:\/\/www.vasutca.hu\/wp-content\/uploads\/2025\/02\/475382352_1152694056859822_1870512206386341379_n.jpg 2016w\" sizes=\"(max-width: 767px) 89vw, (max-width: 1000px) 54vw, (max-width: 1071px) 543px, 580px\" \/><\/figure>\n\n\n\n<figure class=\"wp-block-image size-large\"><img loading=\"lazy\" decoding=\"async\" width=\"1024\" height=\"768\" data-id=\"3431\" src=\"https:\/\/www.vasutca.hu\/wp-content\/uploads\/2025\/02\/475306236_1152694086859819_8609476210617232948_n-1024x768.jpg\" alt=\"\" class=\"wp-image-3431\" srcset=\"https:\/\/www.vasutca.hu\/wp-content\/uploads\/2025\/02\/475306236_1152694086859819_8609476210617232948_n-1024x768.jpg 1024w, https:\/\/www.vasutca.hu\/wp-content\/uploads\/2025\/02\/475306236_1152694086859819_8609476210617232948_n-300x225.jpg 300w, https:\/\/www.vasutca.hu\/wp-content\/uploads\/2025\/02\/475306236_1152694086859819_8609476210617232948_n-768x576.jpg 768w, https:\/\/www.vasutca.hu\/wp-content\/uploads\/2025\/02\/475306236_1152694086859819_8609476210617232948_n-1536x1152.jpg 1536w, https:\/\/www.vasutca.hu\/wp-content\/uploads\/2025\/02\/475306236_1152694086859819_8609476210617232948_n.jpg 2016w\" sizes=\"(max-width: 767px) 89vw, (max-width: 1000px) 54vw, (max-width: 1071px) 543px, 580px\" \/><\/figure>\n<\/figure>\n\n\n\n<p><\/p>\n\n\n\n<p><\/p>\n\n\n\n<p class=\"has-vivid-red-color has-text-color has-link-color has-medium-font-size wp-elements-89c0897f668c445c3bf10f2af1913c91\"><\/p>\n\n\n\n<p class=\"has-vivid-cyan-blue-color has-text-color has-link-color has-medium-font-size wp-elements-1313566407a8b41e64ac2a2add2b23b6\"><\/p>\n\n\n\n<p class=\"has-medium-font-size\"><\/p>\n\n\n\n<p class=\"has-large-font-size\"><strong>K\u00fcls\u0151 program &#8211; jutalomkir\u00e1ndul\u00e1s<\/strong><\/p>\n\n\n\n<p>A 12. D oszt\u00e1ly 2024. november 11-\u00e9n B\u00e9k\u00e9scsab\u00e1n j\u00e1rt oszt\u00e1lyf\u0151n\u00f6k\u00fck Tak\u00e1csn\u00e9 Sipt\u00e1r \u00c1gnes \u00e9s Dr. Nagy-Kov\u00e1cs Erika tan\u00e1rn\u0151 k\u00eds\u00e9ret\u00e9ben. A POFOSZ (Magyar Politikai Foglyok Sz\u00f6vets\u00e9ge) \u00e1ltal szervezett verseny egyik nyertes oszt\u00e1lya jutalomkir\u00e1ndulason vett r\u00e9szt. B\u00e9k\u00e9scsab\u00e1n egy v\u00e1rosi s\u00e9ta keret\u00e9ben megmutatt\u00e1k a tanul\u00f3knak az 56-os helysz\u00edneket, eml\u00e9khelyeket, majd a B\u00e9k\u00e9scsabai Fekete P\u00e1l Gy\u0171jtem\u00e9nyt \u00e9s az 56-os helyt\u00f6rt\u00e9neti ki\u00e1ll\u00edt\u00e1st n\u00e9zt\u00e9k meg a di\u00e1kok. A POFOSZ helyi eln\u00f6ke V\u00e1nsza P\u00e1l \u00e9s az orsz\u00e1gos eln\u00f6k \u00c1mon Antal tartotta az el\u0151ad\u00e1st, vezet\u00e9st. A kor\u00e1bbi 56-os verseny d\u00edjainak kioszt\u00e1sa is megt\u00f6rt\u00e9nt, valamint a v\u00e9g\u00e9n egy 56-os tesztet t\u00f6lt\u00f6ttek ki a di\u00e1kok, melyet szint\u00e9n d\u00edjaztak.<\/p>\n\n\n\n<figure class=\"wp-block-image size-large\"><img loading=\"lazy\" decoding=\"async\" width=\"682\" height=\"1024\" src=\"https:\/\/www.vasutca.hu\/wp-content\/uploads\/2024\/11\/Nevtelen-terv-682x1024.png\" alt=\"\" class=\"wp-image-3338\" srcset=\"https:\/\/www.vasutca.hu\/wp-content\/uploads\/2024\/11\/Nevtelen-terv-682x1024.png 682w, https:\/\/www.vasutca.hu\/wp-content\/uploads\/2024\/11\/Nevtelen-terv-200x300.png 200w, https:\/\/www.vasutca.hu\/wp-content\/uploads\/2024\/11\/Nevtelen-terv-768x1152.png 768w, https:\/\/www.vasutca.hu\/wp-content\/uploads\/2024\/11\/Nevtelen-terv-1024x1536.png 1024w, https:\/\/www.vasutca.hu\/wp-content\/uploads\/2024\/11\/Nevtelen-terv.png 1333w\" sizes=\"(max-width: 682px) 100vw, 682px\" \/><\/figure>\n\n\n\n<p class=\"has-black-color has-text-color has-link-color has-large-font-size wp-elements-5c88333a2082e5df74692ad8cb70f22e\"><strong>Beiskol\u00e1z\u00e1si t\u00e1j\u00e9koztat\u00f3k<\/strong><\/p>\n\n\n\n<h2 class=\"wp-block-heading\">Legk\u00f6zelebb 2024. november 20-\u00e1n 9 \u00f3rai kezdettel tartunk beiskol\u00e1z\u00e1si t\u00e1j\u00e9koztat\u00f3t.<\/h2>\n\n\n\n<p>Szeretettel v\u00e1rjuk az \u00e9rdekl\u0151d\u0151 sz\u00fcl\u0151ket, nyolcadikosokat. Regisztr\u00e1ci\u00f3t k\u00f6vet\u0151en f\u00e9r\u0151hely f\u00fcggv\u00e9ny\u00e9ben a tanul\u00f3k k\u00fcl\u00f6n foglalkoz\u00e1son vehetnek r\u00e9szt.<\/p>\n\n\n\n<p>Regisztr\u00e1ci\u00f3s \u0171rlap: <a href=\"https:\/\/docs.google.com\/forms\/d\/e\/1FAIpQLSdG36WKhx-OvEeDFDHm5Ngy29lKMHmlqUo-oxH88peqVadFvw\/viewform?fbclid=IwY2xjawGZhd5leHRuA2FlbQIxMAABHWWkrO8JVoQQo-DFiw2L6N4-BJK4P53cBtz_ljwu6zzETvKAM6aWvo-fTA_aem_Z20JSr2YkhkVZiMBwma2PQ\" data-type=\"link\" data-id=\"https:\/\/docs.google.com\/forms\/d\/e\/1FAIpQLSdG36WKhx-OvEeDFDHm5Ngy29lKMHmlqUo-oxH88peqVadFvw\/viewform?fbclid=IwY2xjawGZhd5leHRuA2FlbQIxMAABHWWkrO8JVoQQo-DFiw2L6N4-BJK4P53cBtz_ljwu6zzETvKAM6aWvo-fTA_aem_Z20JSr2YkhkVZiMBwma2PQ\">itt<\/a><\/p>\n\n\n\n<figure class=\"wp-block-image size-large\"><img loading=\"lazy\" decoding=\"async\" width=\"410\" height=\"1024\" src=\"https:\/\/www.vasutca.hu\/wp-content\/uploads\/2024\/11\/Beiskolazasi-tajekoztatok-410x1024.jpg\" alt=\"\" class=\"wp-image-3326\" srcset=\"https:\/\/www.vasutca.hu\/wp-content\/uploads\/2024\/11\/Beiskolazasi-tajekoztatok-410x1024.jpg 410w, https:\/\/www.vasutca.hu\/wp-content\/uploads\/2024\/11\/Beiskolazasi-tajekoztatok-120x300.jpg 120w, https:\/\/www.vasutca.hu\/wp-content\/uploads\/2024\/11\/Beiskolazasi-tajekoztatok-768x1920.jpg 768w, https:\/\/www.vasutca.hu\/wp-content\/uploads\/2024\/11\/Beiskolazasi-tajekoztatok-819x2048.jpg 819w, https:\/\/www.vasutca.hu\/wp-content\/uploads\/2024\/11\/Beiskolazasi-tajekoztatok-scaled.jpg 1024w\" sizes=\"(max-width: 410px) 100vw, 410px\" \/><\/figure>\n\n\n\n<p class=\"has-black-color has-text-color has-link-color has-large-font-size wp-elements-dce8fab3b35e0ae3ec86a0c1b6cba6cc\"><strong>Az 1956-os forradalom \u00e9s szabads\u00e1gharcra eml\u00e9kezt\u00fcnk.<\/strong><\/p>\n\n\n\n<p>T\u00f6rt\u00e9nelmi s\u00e9t\u00e1val eml\u00e9kezt\u00fcnk az 56-os esem\u00e9nyekre. Az iskola tanul\u00f3i a budapesti esem\u00e9nyek n\u00e9h\u00e1ny helysz\u00edn\u00e9t kerest\u00e9k fel, feladatlapokat oldottak meg. Gratul\u00e1lunk a legeredm\u00e9nyesebb oszt\u00e1lyoknak, amelyek a 9.A, 10.E, 11.E, 12.E<\/p>\n\n\n\n<figure class=\"wp-block-image size-large\"><img loading=\"lazy\" decoding=\"async\" width=\"682\" height=\"1024\" src=\"https:\/\/www.vasutca.hu\/wp-content\/uploads\/2024\/11\/Megemlekezes-1956-os-szabadsagharc-es-forradalomrol-682x1024.png\" alt=\"\" class=\"wp-image-3323\" srcset=\"https:\/\/www.vasutca.hu\/wp-content\/uploads\/2024\/11\/Megemlekezes-1956-os-szabadsagharc-es-forradalomrol-682x1024.png 682w, https:\/\/www.vasutca.hu\/wp-content\/uploads\/2024\/11\/Megemlekezes-1956-os-szabadsagharc-es-forradalomrol-200x300.png 200w, https:\/\/www.vasutca.hu\/wp-content\/uploads\/2024\/11\/Megemlekezes-1956-os-szabadsagharc-es-forradalomrol-768x1152.png 768w, https:\/\/www.vasutca.hu\/wp-content\/uploads\/2024\/11\/Megemlekezes-1956-os-szabadsagharc-es-forradalomrol-1024x1536.png 1024w, https:\/\/www.vasutca.hu\/wp-content\/uploads\/2024\/11\/Megemlekezes-1956-os-szabadsagharc-es-forradalomrol.png 1333w\" sizes=\"(max-width: 682px) 100vw, 682px\" \/><\/figure>\n\n\n\n<p><\/p>\n\n\n\n<p class=\"has-vivid-green-cyan-color has-text-color has-link-color has-large-font-size wp-elements-edab9e9fdab1b72409b50cd645656f50\"><strong>Kultur\u00e1lis \u00d6r\u00f6ks\u00e9g Napjai<\/strong><\/p>\n\n\n\n<p><strong>2024. szeptember 21., szombat 10:00-18:00<\/strong><\/p>\n\n\n\n<p>Tisztelt Sz\u00fcl\u0151k, Kedves Di\u00e1kok!<\/p>\n\n\n\n<p>Tisztelt \u00c9rdekl\u0151d\u0151k!<\/p>\n\n\n\n<p>Nagy szeretettel v\u00e1rjuk \u00d6n\u00f6ket id\u00e9n is iskol\u00e1nkba a Kultur\u00e1lis \u00d6r\u00f6ks\u00e9g Napj\u00e1n!<\/p>\n\n\n\n<p>Di\u00e1kjaink \u00f6r\u00f6mmel mutatj\u00e1k meg iskol\u00e1jukat az \u00e9rdekl\u0151d\u0151knek, s\u0151t id\u00e9n k\u00e9zm\u0171ves foglakoz\u00e1ssal is v\u00e1rjuk a l\u00e1togat\u00f3kat.<\/p>\n\n\n\n<p>Kapunyit\u00e1s 10:00-kor<\/p>\n\n\n\n<p>Regisztr\u00e1ci\u00f3 nem sz\u00fcks\u00e9ges, 10 \u00e9s 17:30 k\u00f6z\u00f6tt b\u00e1rmikor \u00e9rkezhetnek.<\/p>\n\n\n\n<p><strong><em>Mi ott lesz\u00fcnk! \u00c9s \u00d6n?<\/em><\/strong><\/p>\n\n\n\n<figure class=\"wp-block-image size-full\"><img loading=\"lazy\" decoding=\"async\" width=\"532\" height=\"532\" src=\"https:\/\/www.vasutca.hu\/wp-content\/uploads\/2024\/09\/logo1.jpg\" alt=\"\" class=\"wp-image-3269\" srcset=\"https:\/\/www.vasutca.hu\/wp-content\/uploads\/2024\/09\/logo1.jpg 532w, https:\/\/www.vasutca.hu\/wp-content\/uploads\/2024\/09\/logo1-300x300.jpg 300w, https:\/\/www.vasutca.hu\/wp-content\/uploads\/2024\/09\/logo1-150x150.jpg 150w, https:\/\/www.vasutca.hu\/wp-content\/uploads\/2024\/09\/logo1-100x100.jpg 100w\" sizes=\"(max-width: 532px) 100vw, 532px\" \/><\/figure>\n\n\n\n<p><\/p>\n\n\n\n<p><\/p>\n\n\n\n<p><\/p>\n\n\n\n<p><strong>ISKOL\u00c1NK CSENGET\u00c9SI RENDJE<\/strong><\/p>\n\n\n\n<figure class=\"wp-block-table\"><table><tbody><tr><td colspan=\"3\">&nbsp; CSENGET\u00c9SI REND<\/td><\/tr><tr><td>1. \u00d3RA<\/td><td>7:45<\/td><td>8:30<\/td><\/tr><tr><td>2. \u00d3RA<\/td><td>8:40<\/td><td>9:25<\/td><\/tr><tr><td>3. \u00d3RA<\/td><td>9:35<\/td><td>10:20<\/td><\/tr><tr><td>4. \u00d3RA<\/td><td>10:30<\/td><td>11:15<\/td><\/tr><tr><td>5. \u00d3RA<\/td><td>11:25<\/td><td>12:10<\/td><\/tr><tr><td>6. \u00d3RA<\/td><td>12:30<\/td><td>13:15<\/td><\/tr><tr><td>7. \u00d3RA<\/td><td>13:25<\/td><td>14:10<\/td><\/tr><tr><td>8. \u00d3RA<\/td><td>14:15<\/td><td>15:00<\/td><\/tr><tr><td>9. \u00d3RA<\/td><td>15:05<\/td><td>15:50<\/td><\/tr><\/tbody><\/table><\/figure>\n\n\n\n<p><\/p>\n\n\n\n<p><strong>OKOSESZK\u00d6Z\u00d6K<\/strong><\/p>\n\n\n\n<p>Tisztelt Sz\u00fcl\u0151k, Kedves Di\u00e1kok!<\/p>\n\n\n\n<p>A jogszab\u00e1lyv\u00e1ltoz\u00e1s \u00e9rtelm\u00e9ben a tan\u00edt\u00e1si id\u0151 alatt a tanul\u00f3kn\u00e1l nem lehet saj\u00e1t tulajdon\u00fa okoseszk\u00f6z (okostelefon, okos\u00f3ra stb.), ez\u00e9rt ezeket az eszk\u00f6z\u00f6ket a di\u00e1kok a tan\u00edt\u00e1s elej\u00e9n leadj\u00e1k, napk\u00f6zben elz\u00e1rva \u0151rizz\u00fck, a tan\u00edt\u00e1s v\u00e9g\u00e9n pedig visszakapj\u00e1k.<\/p>\n\n\n\n<p>Meg\u00e9rt\u00e9s\u00fcket \u00e9s egy\u00fcttm\u0171k\u00f6d\u00e9s\u00fcket k\u00f6sz\u00f6nj\u00fck!<\/p>\n\n\n\n<p>Pfeiffer Tam\u00e1s Istv\u00e1n, igazgat\u00f3<\/p>\n\n\n\n<p>2024. szeptember 2.<\/p>\n\n\n\n<p><\/p>\n\n\n\n<p><\/p>\n\n\n\n<p><\/p>\n\n\n\n<p><\/p>\n\n\n\n<p><\/p>\n\n\n\n<p><\/p>\n\n\n\n<p><\/p>\n\n\n\n<p><\/p>\n\n\n\n<p><\/p>\n\n\n\n<p><\/p>\n\n\n\n<p><\/p>\n\n\n\n<p><\/p>\n\n\n\n<p><\/p>\n\n\n\n<p><\/p>\n\n\n\n<p><\/p>\n\n\n\n<p><\/p>\n\n\n\n<h2 class=\"wp-block-heading has-vivid-cyan-blue-color has-luminous-vivid-amber-background-color has-text-color has-background has-link-color wp-elements-1035e1196f56a434e54324ff2724ae0c\"><\/h2>\n\n\n\n<h2 class=\"wp-block-heading\"><\/h2>\n\n\n\n<h2 class=\"wp-block-heading\"><\/h2>\n","protected":false},"excerpt":{"rendered":"<p>2025. augusztus 25. (h\u00e9tf\u0151) &#8211; \u00edr\u00e1sbeli jav\u00edt\u00f3vizsg\u00e1k 11 \u00f3r\u00e1t\u00f3l, \u00e9rkez\u00e9s 10:45-re. 2025. augusztus 26. (kedd) &#8211; sz\u00f3beli jav\u00edt\u00f3vizsg\u00e1k 9 \u00f3r\u00e1t\u00f3l, \u00e9rkez\u00e9s 8:45-re. A pontos beoszt\u00e1st a vizsganap reggel\u00e9n az iskol\u00e1ban tudj\u00e1k meg az \u00e9rintett tanul\u00f3k. Ny\u00e1ri \u00fcgyelet 2025. augusztus 25-t\u0151l minden nap munkaid\u0151ben nyitva az iskola. \u00d6regdi\u00e1k-tal\u00e1lkoz\u00f3 Hagyom\u00e1nyainkhoz h\u00edven \u00fajra! V\u00e1rjuk az egykori sz\u00e9chenyis tanul\u00f3kat, &hellip; <\/p>\n<p class=\"link-more\"><a href=\"https:\/\/www.vasutca.hu\/?p=3178\" class=\"more-link\"><span class=\"screen-reader-text\">&#8220;Jav\u00edt\u00f3vizsg\u00e1k id\u0151pontjai&#8221;<\/span> b\u0151vebben<\/a><\/p>\n","protected":false},"author":4,"featured_media":0,"comment_status":"open","ping_status":"open","sticky":true,"template":"","format":"standard","meta":{"footnotes":""},"categories":[4],"tags":[],"_links":{"self":[{"href":"https:\/\/www.vasutca.hu\/index.php?rest_route=\/wp\/v2\/posts\/3178"}],"collection":[{"href":"https:\/\/www.vasutca.hu\/index.php?rest_route=\/wp\/v2\/posts"}],"about":[{"href":"https:\/\/www.vasutca.hu\/index.php?rest_route=\/wp\/v2\/types\/post"}],"author":[{"embeddable":true,"href":"https:\/\/www.vasutca.hu\/index.php?rest_route=\/wp\/v2\/users\/4"}],"replies":[{"embeddable":true,"href":"https:\/\/www.vasutca.hu\/index.php?rest_route=%2Fwp%2Fv2%2Fcomments&post=3178"}],"version-history":[{"count":46,"href":"https:\/\/www.vasutca.hu\/index.php?rest_route=\/wp\/v2\/posts\/3178\/revisions"}],"predecessor-version":[{"id":3936,"href":"https:\/\/www.vasutca.hu\/index.php?rest_route=\/wp\/v2\/posts\/3178\/revisions\/3936"}],"wp:attachment":[{"href":"https:\/\/www.vasutca.hu\/index.php?rest_route=%2Fwp%2Fv2%2Fmedia&parent=3178"}],"wp:term":[{"taxonomy":"category","embeddable":true,"href":"https:\/\/www.vasutca.hu\/index.php?rest_route=%2Fwp%2Fv2%2Fcategories&post=3178"},{"taxonomy":"post_tag","embeddable":true,"href":"https:\/\/www.vasutca.hu\/index.php?rest_route=%2Fwp%2Fv2%2Ftags&post=3178"}],"curies":[{"name":"wp","href":"https:\/\/api.w.org\/{rel}","templated":true}]}}