{"id":2808,"date":"2023-08-24T13:48:23","date_gmt":"2023-08-24T12:48:23","guid":{"rendered":"http:\/\/www.vasutca.hu\/?p=2808"},"modified":"2025-11-26T13:04:27","modified_gmt":"2025-11-26T12:04:27","slug":"tanevkezdes","status":"publish","type":"post","link":"https:\/\/www.vasutca.hu\/?p=2808","title":{"rendered":"Beiskol\u00e1z\u00e1s"},"content":{"rendered":"\n<p><strong>Kedves Sz\u00fcl\u0151k! Kedves Di\u00e1kok!<\/strong><\/p>\n\n\n\n<p>Szeretettel v\u00e1runk minden regisztr\u00e1lt sz\u00fcl\u0151t \u00e9s di\u00e1kot az okt\u00f3ber 11-\u00e9n 9 \u00f3rakor kezd\u0151d\u0151 beiskol\u00e1z\u00e1si t\u00e1j\u00e9koztat\u00f3nkra!<\/p>\n\n\n\n<p>A ny\u00edlt angol \u00f3r\u00e1n minden jelentkez\u0151 di\u00e1k r\u00e9szt tud venni!<\/p>\n\n\n\n<p><strong>Tan\u00e9vkezd\u00e9s<\/strong><\/p>\n\n\n\n<figure class=\"wp-block-image size-large is-resized\"><img loading=\"lazy\" decoding=\"async\" width=\"1024\" height=\"683\" src=\"http:\/\/www.vasutca.hu\/wp-content\/uploads\/2023\/08\/isk-1024x683.jpg\" alt=\"\" class=\"wp-image-2809\" style=\"width:262px;height:175px\" srcset=\"https:\/\/www.vasutca.hu\/wp-content\/uploads\/2023\/08\/isk-1024x683.jpg 1024w, https:\/\/www.vasutca.hu\/wp-content\/uploads\/2023\/08\/isk-300x200.jpg 300w, https:\/\/www.vasutca.hu\/wp-content\/uploads\/2023\/08\/isk-768x512.jpg 768w, https:\/\/www.vasutca.hu\/wp-content\/uploads\/2023\/08\/isk.jpg 1308w\" sizes=\"(max-width: 767px) 89vw, (max-width: 1000px) 54vw, (max-width: 1071px) 543px, 580px\" \/><\/figure>\n\n\n\n<p><strong><span class=\"has-inline-color has-vivid-cyan-blue-color\">2023. szeptember 1. <\/span><\/strong><\/p>\n\n\n\n<p><strong>\u00c9rkez\u00e9s az iskol\u00e1ba \u00fcnnepl\u0151ben (fekete szoknya\/nadr\u00e1g, feh\u00e9r bl\u00faz\/ing \u00e9s alkalomhoz ill\u0151 cip\u0151) <span class=\"has-inline-color has-vivid-red-color\">8:30<\/span>-ra. A di\u00e1kok az oszt\u00e1lyteremben gy\u00fclekeznek<\/strong>. <\/p>\n\n\n\n<p><strong><span class=\"has-inline-color has-vivid-red-color\">Tan\u00e9vnyit\u00f3 \u00fcnneps\u00e9g 9:00 \u00f3rakor kezd\u0151dik.<\/span><\/strong><\/p>\n\n\n\n<p><strong><span class=\"has-inline-color has-vivid-purple-color\">9:35-t\u0151l oszt\u00e1lyf\u0151n\u00f6ki \u00f3r\u00e1k, tank\u00f6nyvek \u00e1tv\u00e9tele. A 9. \u00e9vfolyamnak nyelvi szintfelm\u00e9r\u0151 (angol, n\u00e9met).<\/span><\/strong><\/p>\n\n\n\n<p><\/p>\n\n\n\n<p><\/p>\n","protected":false},"excerpt":{"rendered":"<p>Kedves Sz\u00fcl\u0151k! Kedves Di\u00e1kok! Szeretettel v\u00e1runk minden regisztr\u00e1lt sz\u00fcl\u0151t \u00e9s di\u00e1kot az okt\u00f3ber 11-\u00e9n 9 \u00f3rakor kezd\u0151d\u0151 beiskol\u00e1z\u00e1si t\u00e1j\u00e9koztat\u00f3nkra! A ny\u00edlt angol \u00f3r\u00e1n minden jelentkez\u0151 di\u00e1k r\u00e9szt tud venni! Tan\u00e9vkezd\u00e9s 2023. szeptember 1. \u00c9rkez\u00e9s az iskol\u00e1ba \u00fcnnepl\u0151ben (fekete szoknya\/nadr\u00e1g, feh\u00e9r bl\u00faz\/ing \u00e9s alkalomhoz ill\u0151 cip\u0151) 8:30-ra. A di\u00e1kok az oszt\u00e1lyteremben gy\u00fclekeznek. Tan\u00e9vnyit\u00f3 \u00fcnneps\u00e9g 9:00 \u00f3rakor &hellip; <\/p>\n<p class=\"link-more\"><a href=\"https:\/\/www.vasutca.hu\/?p=2808\" class=\"more-link\"><span class=\"screen-reader-text\">&#8220;Beiskol\u00e1z\u00e1s&#8221;<\/span> b\u0151vebben<\/a><\/p>\n","protected":false},"author":4,"featured_media":0,"comment_status":"open","ping_status":"open","sticky":false,"template":"","format":"standard","meta":{"footnotes":""},"categories":[1],"tags":[],"_links":{"self":[{"href":"https:\/\/www.vasutca.hu\/index.php?rest_route=\/wp\/v2\/posts\/2808"}],"collection":[{"href":"https:\/\/www.vasutca.hu\/index.php?rest_route=\/wp\/v2\/posts"}],"about":[{"href":"https:\/\/www.vasutca.hu\/index.php?rest_route=\/wp\/v2\/types\/post"}],"author":[{"embeddable":true,"href":"https:\/\/www.vasutca.hu\/index.php?rest_route=\/wp\/v2\/users\/4"}],"replies":[{"embeddable":true,"href":"https:\/\/www.vasutca.hu\/index.php?rest_route=%2Fwp%2Fv2%2Fcomments&post=2808"}],"version-history":[{"count":10,"href":"https:\/\/www.vasutca.hu\/index.php?rest_route=\/wp\/v2\/posts\/2808\/revisions"}],"predecessor-version":[{"id":3939,"href":"https:\/\/www.vasutca.hu\/index.php?rest_route=\/wp\/v2\/posts\/2808\/revisions\/3939"}],"wp:attachment":[{"href":"https:\/\/www.vasutca.hu\/index.php?rest_route=%2Fwp%2Fv2%2Fmedia&parent=2808"}],"wp:term":[{"taxonomy":"category","embeddable":true,"href":"https:\/\/www.vasutca.hu\/index.php?rest_route=%2Fwp%2Fv2%2Fcategories&post=2808"},{"taxonomy":"post_tag","embeddable":true,"href":"https:\/\/www.vasutca.hu\/index.php?rest_route=%2Fwp%2Fv2%2Ftags&post=2808"}],"curies":[{"name":"wp","href":"https:\/\/api.w.org\/{rel}","templated":true}]}}