{"id":2064,"date":"2021-09-21T18:47:26","date_gmt":"2021-09-21T17:47:26","guid":{"rendered":"http:\/\/www.vasutca.hu\/?p=2064"},"modified":"2025-11-26T13:27:33","modified_gmt":"2025-11-26T12:27:33","slug":"szechenyi-koszoruzas","status":"publish","type":"post","link":"https:\/\/www.vasutca.hu\/?p=2064","title":{"rendered":"Sz\u00e9chenyi koszor\u00faz\u00e1s"},"content":{"rendered":"\n<p>Sz\u00e9chenyi Istv\u00e1n sz\u00fclet\u00e9s\u00e9nek 230. \u00e9vfordul\u00f3j\u00e1n iskol\u00e1nk hagyom\u00e1nyosan r\u00e9szt vett a Sz\u00e9chenyi T\u00e1rsas\u00e1g megeml\u00e9kez\u0151 \u00fcnneps\u00e9g\u00e9n a Magyar Tudom\u00e1nyos Akad\u00e9mia el\u0151tt. Iskol\u00e1nkat Halgas Fanni \u00e9s Varga Napsug\u00e1r 12. E, ill. Szab\u00f3 Adrienn \u00e9s T\u00f3th Krist\u00f3f 10. D oszt\u00e1lyos tanul\u00f3k \u00e9s Bujkn\u00e9 P\u00e1lmay Ildik\u00f3 tan\u00e1rn\u0151 k\u00e9pviselt\u00e9k.<\/p>\n\n\n\n<p><\/p>\n\n\n\n<figure class=\"wp-block-image size-large\"><img loading=\"lazy\" decoding=\"async\" width=\"1024\" height=\"768\" src=\"http:\/\/www.vasutca.hu\/wp-content\/uploads\/2021\/09\/756A313D-3478-4307-9A80-BFF2DA9F9A85-1024x768.jpeg\" alt=\"\" class=\"wp-image-2065\" srcset=\"https:\/\/www.vasutca.hu\/wp-content\/uploads\/2021\/09\/756A313D-3478-4307-9A80-BFF2DA9F9A85-1024x768.jpeg 1024w, https:\/\/www.vasutca.hu\/wp-content\/uploads\/2021\/09\/756A313D-3478-4307-9A80-BFF2DA9F9A85-300x225.jpeg 300w, https:\/\/www.vasutca.hu\/wp-content\/uploads\/2021\/09\/756A313D-3478-4307-9A80-BFF2DA9F9A85-768x576.jpeg 768w, https:\/\/www.vasutca.hu\/wp-content\/uploads\/2021\/09\/756A313D-3478-4307-9A80-BFF2DA9F9A85-1536x1152.jpeg 1536w, https:\/\/www.vasutca.hu\/wp-content\/uploads\/2021\/09\/756A313D-3478-4307-9A80-BFF2DA9F9A85.jpeg 1774w\" sizes=\"(max-width: 767px) 89vw, (max-width: 1000px) 54vw, (max-width: 1071px) 543px, 580px\" \/><\/figure>\n\n\n\n<figure class=\"wp-block-image size-large\"><img loading=\"lazy\" decoding=\"async\" width=\"1024\" height=\"768\" src=\"http:\/\/www.vasutca.hu\/wp-content\/uploads\/2021\/09\/FDD29883-1ADC-44A9-82E7-64AA9BD99B52-1024x768.jpeg\" alt=\"\" class=\"wp-image-2066\" srcset=\"https:\/\/www.vasutca.hu\/wp-content\/uploads\/2021\/09\/FDD29883-1ADC-44A9-82E7-64AA9BD99B52-1024x768.jpeg 1024w, https:\/\/www.vasutca.hu\/wp-content\/uploads\/2021\/09\/FDD29883-1ADC-44A9-82E7-64AA9BD99B52-300x225.jpeg 300w, https:\/\/www.vasutca.hu\/wp-content\/uploads\/2021\/09\/FDD29883-1ADC-44A9-82E7-64AA9BD99B52-768x576.jpeg 768w, https:\/\/www.vasutca.hu\/wp-content\/uploads\/2021\/09\/FDD29883-1ADC-44A9-82E7-64AA9BD99B52-1536x1152.jpeg 1536w, https:\/\/www.vasutca.hu\/wp-content\/uploads\/2021\/09\/FDD29883-1ADC-44A9-82E7-64AA9BD99B52.jpeg 1774w\" sizes=\"(max-width: 767px) 89vw, (max-width: 1000px) 54vw, (max-width: 1071px) 543px, 580px\" \/><\/figure>\n\n\n\n<figure class=\"wp-block-image size-large\"><img loading=\"lazy\" decoding=\"async\" width=\"1024\" height=\"768\" src=\"http:\/\/www.vasutca.hu\/wp-content\/uploads\/2021\/09\/58F4E0A3-723B-40BF-A72D-06214EB6C901-1024x768.jpeg\" alt=\"\" class=\"wp-image-2067\" srcset=\"https:\/\/www.vasutca.hu\/wp-content\/uploads\/2021\/09\/58F4E0A3-723B-40BF-A72D-06214EB6C901-1024x768.jpeg 1024w, https:\/\/www.vasutca.hu\/wp-content\/uploads\/2021\/09\/58F4E0A3-723B-40BF-A72D-06214EB6C901-300x225.jpeg 300w, https:\/\/www.vasutca.hu\/wp-content\/uploads\/2021\/09\/58F4E0A3-723B-40BF-A72D-06214EB6C901-768x576.jpeg 768w, https:\/\/www.vasutca.hu\/wp-content\/uploads\/2021\/09\/58F4E0A3-723B-40BF-A72D-06214EB6C901-1536x1152.jpeg 1536w, https:\/\/www.vasutca.hu\/wp-content\/uploads\/2021\/09\/58F4E0A3-723B-40BF-A72D-06214EB6C901.jpeg 1774w\" sizes=\"(max-width: 767px) 89vw, (max-width: 1000px) 54vw, (max-width: 1071px) 543px, 580px\" \/><\/figure>\n","protected":false},"excerpt":{"rendered":"<p>Sz\u00e9chenyi Istv\u00e1n sz\u00fclet\u00e9s\u00e9nek 230. \u00e9vfordul\u00f3j\u00e1n iskol\u00e1nk hagyom\u00e1nyosan r\u00e9szt vett a Sz\u00e9chenyi T\u00e1rsas\u00e1g megeml\u00e9kez\u0151 \u00fcnneps\u00e9g\u00e9n a Magyar Tudom\u00e1nyos Akad\u00e9mia el\u0151tt. Iskol\u00e1nkat Halgas Fanni \u00e9s Varga Napsug\u00e1r 12. E, ill. Szab\u00f3 Adrienn \u00e9s T\u00f3th Krist\u00f3f 10. D oszt\u00e1lyos tanul\u00f3k \u00e9s Bujkn\u00e9 P\u00e1lmay Ildik\u00f3 tan\u00e1rn\u0151 k\u00e9pviselt\u00e9k.<\/p>\n","protected":false},"author":4,"featured_media":0,"comment_status":"open","ping_status":"open","sticky":false,"template":"","format":"standard","meta":{"footnotes":""},"categories":[1],"tags":[],"_links":{"self":[{"href":"https:\/\/www.vasutca.hu\/index.php?rest_route=\/wp\/v2\/posts\/2064"}],"collection":[{"href":"https:\/\/www.vasutca.hu\/index.php?rest_route=\/wp\/v2\/posts"}],"about":[{"href":"https:\/\/www.vasutca.hu\/index.php?rest_route=\/wp\/v2\/types\/post"}],"author":[{"embeddable":true,"href":"https:\/\/www.vasutca.hu\/index.php?rest_route=\/wp\/v2\/users\/4"}],"replies":[{"embeddable":true,"href":"https:\/\/www.vasutca.hu\/index.php?rest_route=%2Fwp%2Fv2%2Fcomments&post=2064"}],"version-history":[{"count":4,"href":"https:\/\/www.vasutca.hu\/index.php?rest_route=\/wp\/v2\/posts\/2064\/revisions"}],"predecessor-version":[{"id":3960,"href":"https:\/\/www.vasutca.hu\/index.php?rest_route=\/wp\/v2\/posts\/2064\/revisions\/3960"}],"wp:attachment":[{"href":"https:\/\/www.vasutca.hu\/index.php?rest_route=%2Fwp%2Fv2%2Fmedia&parent=2064"}],"wp:term":[{"taxonomy":"category","embeddable":true,"href":"https:\/\/www.vasutca.hu\/index.php?rest_route=%2Fwp%2Fv2%2Fcategories&post=2064"},{"taxonomy":"post_tag","embeddable":true,"href":"https:\/\/www.vasutca.hu\/index.php?rest_route=%2Fwp%2Fv2%2Ftags&post=2064"}],"curies":[{"name":"wp","href":"https:\/\/api.w.org\/{rel}","templated":true}]}}