{"id":1741,"date":"2020-11-10T15:40:04","date_gmt":"2020-11-10T14:40:04","guid":{"rendered":"http:\/\/www.vasutca.hu\/?p=1741"},"modified":"2025-11-26T13:28:39","modified_gmt":"2025-11-26T12:28:39","slug":"digitalis-oktatas-2020-november-11-tol","status":"publish","type":"post","link":"https:\/\/www.vasutca.hu\/?p=1741","title":{"rendered":"Digit\u00e1lis Oktat\u00e1s 2020. november 11-t\u0151l"},"content":{"rendered":"<p><span style=\"font-weight: 400;\">Kedves Sz\u00fcl\u0151! Kedves Gondvisel\u0151!<\/span><\/p>\n<p><span style=\"font-weight: 400;\">Bizony\u00e1ra \u00d6n is hallotta a korm\u00e1ny a koronav\u00edrus vil\u00e1gj\u00e1rv\u00e1ny m\u00e1sodik hull\u00e1ma elleni v\u00e9dekez\u00e9sr\u0151l sz\u00f3l\u00f3 t\u00f6rv\u00e9nyjavaslat\u00e1nak megvitat\u00e1sa a mai napon megt\u00f6rt\u00e9nt. A rendelkez\u00e9s alapj\u00e1n a <\/span><b><i>\u201ck\u00f6z\u00e9pfok\u00fa iskol\u00e1kban a 9. (&#8230;) \u00e9s az ezek feletti \u00e9vfolyamokon (\u2026) tantermen k\u00edv\u00fcli digit\u00e1lis munkarend l\u00e9p \u00e9letbe\u201d holnapt\u00f3l, 2020. november 11-t\u0151l (szerda), \u00edgy\u00a0 int\u00e9zm\u00e9ny\u00fcnkben is a digit\u00e1lis oktat\u00e1sra t\u00e9r\u00fcnk \u00e1t.\u00a0<\/i><\/b><\/p>\n<p><span style=\"font-weight: 400;\">A digit\u00e1lis oktat\u00e1sra a felk\u00e9sz\u00fcl\u00e9st m\u00e1r szeptemberben megkezdt\u00fck. A tanul\u00f3knak megtan\u00edtottuk azoknak a keretrendszereknek (Canvas, Meet) a haszn\u00e1lat\u00e1t, amelyeket az oktat\u00e1shoz haszn\u00e1lni fogunk. A mai napon az \u00f3rarendeket \u00e1talak\u00edtottuk, az oszt\u00e1lyf\u0151n\u00f6k\u00f6k el fogj\u00e1k k\u00fcldeni azokat a tanul\u00f3knak, a KR\u00c9TA-ba val\u00f3 felt\u00f6lt\u00e9s folyamatban van.\u00a0<\/span><\/p>\n<p><span style=\"font-weight: 400;\">Az al\u00e1bbiakban t\u00e1j\u00e9koztatjuk \u00d6n\u00f6ket a tan\u00edt\u00e1s\/tanul\u00e1s rendj\u00e9r\u0151l. A tan\u00edt\u00e1st (n\u00e9h\u00e1ny kiv\u00e9telt\u0151l eltekintve) a k\u00f6vetkez\u0151 m\u00f3don szervezz\u00fck meg.\u00a0<\/span><\/p>\n<p><b><i>A tan\u00edt\u00e1si \u00f3r\u00e1k<\/i><\/b><\/p>\n<ul>\n<li><b><i>9:00 \u00f3r\u00e1t\u00f3l 13:45 \u00f3r\u00e1ig tartanak;<\/i><\/b><\/li>\n<li><strong>60 percesek, 15 perces sz\u00fcnetekkel;<\/strong><\/li>\n<li><strong>online jelenl\u00e9tet ig\u00e9nyelnek.<\/strong><\/li>\n<\/ul>\n<p><span style=\"font-weight: 400;\">A tan\u00edt\u00e1si \u00f3r\u00e1kon k\u00edv\u00fcl, gyakorl\u00e1s, elm\u00e9ly\u00edt\u00e9s sz\u00e1nd\u00e9k\u00e1val a tanul\u00f3k kaphatnak n\u00e9h\u00e1ny megoldand\u00f3 feladatot.<\/span><\/p>\n<p><span style=\"font-weight: 400;\">Tudjuk, hogy mindannyiunk sz\u00e1m\u00e1ra nagyon neh\u00e9z feladatot m\u00e9rt ki ez az id\u0151szak, de k\u00e9rj\u00fck \u00d6n\u00f6ket, t\u00e1mogass\u00e1k gyermekeiket a megfelel\u0151 felk\u00e9sz\u00fcl\u00e9s \u00e9rdek\u00e9ben, hogy sikeresen tudj\u00e1k teljes\u00edteni a tan\u00e9vet.<\/span><\/p>\n<p><a href=\"http:\/\/www.vasutca.hu\/wp-content\/uploads\/2020\/11\/H\u00e1zirend-digit\u00e1lis-oktat\u00e1shoz.pdf\">H\u00e1zirend digit\u00e1lis oktat\u00e1shoz<\/a><\/p>\n<p>Jakab Szilvia<\/p>\n<p>igazgat\u00f3<\/p>\n","protected":false},"excerpt":{"rendered":"<p>Kedves Sz\u00fcl\u0151! Kedves Gondvisel\u0151! Bizony\u00e1ra \u00d6n is hallotta a korm\u00e1ny a koronav\u00edrus vil\u00e1gj\u00e1rv\u00e1ny m\u00e1sodik hull\u00e1ma elleni v\u00e9dekez\u00e9sr\u0151l sz\u00f3l\u00f3 t\u00f6rv\u00e9nyjavaslat\u00e1nak megvitat\u00e1sa a mai napon megt\u00f6rt\u00e9nt. A rendelkez\u00e9s alapj\u00e1n a \u201ck\u00f6z\u00e9pfok\u00fa iskol\u00e1kban a 9. (&#8230;) \u00e9s az ezek feletti \u00e9vfolyamokon (\u2026) tantermen k\u00edv\u00fcli digit\u00e1lis munkarend l\u00e9p \u00e9letbe\u201d holnapt\u00f3l, 2020. november 11-t\u0151l (szerda), \u00edgy\u00a0 int\u00e9zm\u00e9ny\u00fcnkben is a digit\u00e1lis &hellip; <\/p>\n<p class=\"link-more\"><a href=\"https:\/\/www.vasutca.hu\/?p=1741\" class=\"more-link\"><span class=\"screen-reader-text\">&#8220;Digit\u00e1lis Oktat\u00e1s 2020. november 11-t\u0151l&#8221;<\/span> b\u0151vebben<\/a><\/p>\n","protected":false},"author":4,"featured_media":0,"comment_status":"open","ping_status":"open","sticky":false,"template":"","format":"standard","meta":{"footnotes":""},"categories":[1],"tags":[],"_links":{"self":[{"href":"https:\/\/www.vasutca.hu\/index.php?rest_route=\/wp\/v2\/posts\/1741"}],"collection":[{"href":"https:\/\/www.vasutca.hu\/index.php?rest_route=\/wp\/v2\/posts"}],"about":[{"href":"https:\/\/www.vasutca.hu\/index.php?rest_route=\/wp\/v2\/types\/post"}],"author":[{"embeddable":true,"href":"https:\/\/www.vasutca.hu\/index.php?rest_route=\/wp\/v2\/users\/4"}],"replies":[{"embeddable":true,"href":"https:\/\/www.vasutca.hu\/index.php?rest_route=%2Fwp%2Fv2%2Fcomments&post=1741"}],"version-history":[{"count":5,"href":"https:\/\/www.vasutca.hu\/index.php?rest_route=\/wp\/v2\/posts\/1741\/revisions"}],"predecessor-version":[{"id":3964,"href":"https:\/\/www.vasutca.hu\/index.php?rest_route=\/wp\/v2\/posts\/1741\/revisions\/3964"}],"wp:attachment":[{"href":"https:\/\/www.vasutca.hu\/index.php?rest_route=%2Fwp%2Fv2%2Fmedia&parent=1741"}],"wp:term":[{"taxonomy":"category","embeddable":true,"href":"https:\/\/www.vasutca.hu\/index.php?rest_route=%2Fwp%2Fv2%2Fcategories&post=1741"},{"taxonomy":"post_tag","embeddable":true,"href":"https:\/\/www.vasutca.hu\/index.php?rest_route=%2Fwp%2Fv2%2Ftags&post=1741"}],"curies":[{"name":"wp","href":"https:\/\/api.w.org\/{rel}","templated":true}]}}